{"id":398,"date":"2022-03-18T13:31:24","date_gmt":"2022-03-18T11:31:24","guid":{"rendered":"https:\/\/me.yrittajat.fi\/hyvinvoinninpolku\/?p=398"},"modified":"2022-03-23T13:03:51","modified_gmt":"2022-03-23T11:03:51","slug":"ensimmainen-ryhma-aloittaa-5-4","status":"publish","type":"post","link":"https:\/\/me.yrittajat.fi\/hyvinvoinninpolku\/ensimmainen-ryhma-aloittaa-5-4\/","title":{"rendered":"Ensimm\u00e4inen L\u00f6yt\u00f6retki hyvinvointiin- ryhm\u00e4 aloittaa Mikkeliss\u00e4 5.4."},"content":{"rendered":"\n<p>Ensimm\u00e4isen ryhm\u00e4n Kick-Off tilaisuus toteutetaan Mikkeliss\u00e4 5.4. klo 16. Ryhm\u00e4ss\u00e4 on 14 mikkelil\u00e4ist\u00e4 yritt\u00e4j\u00e4\u00e4. Tervetuloa mukaan ja kuulemaan lis\u00e4\u00e4!<\/p>\n","protected":false},"excerpt":{"rendered":"<p>Ensimm\u00e4isen ryhm\u00e4n Kick-Off tilaisuus toteutetaan Mikkeliss\u00e4 5.4. klo 16. Ryhm\u00e4ss\u00e4 on 14 mikkelil\u00e4ist\u00e4 yritt\u00e4j\u00e4\u00e4. Tervetuloa mukaan ja kuulemaan lis\u00e4\u00e4!<\/p>\n","protected":false},"author":49,"featured_media":0,"comment_status":"closed","ping_status":"closed","sticky":false,"template":"","format":"standard","meta":{"_acf_changed":false,"footnotes":""},"categories":[1],"tags":[],"class_list":["post-398","post","type-post","status-publish","format-standard","hentry","category-ajankohtaista"],"acf":[],"_links":{"self":[{"href":"https:\/\/me.yrittajat.fi\/hyvinvoinninpolku\/wp-json\/wp\/v2\/posts\/398","targetHints":{"allow":["GET"]}}],"collection":[{"href":"https:\/\/me.yrittajat.fi\/hyvinvoinninpolku\/wp-json\/wp\/v2\/posts"}],"about":[{"href":"https:\/\/me.yrittajat.fi\/hyvinvoinninpolku\/wp-json\/wp\/v2\/types\/post"}],"author":[{"embeddable":true,"href":"https:\/\/me.yrittajat.fi\/hyvinvoinninpolku\/wp-json\/wp\/v2\/users\/49"}],"replies":[{"embeddable":true,"href":"https:\/\/me.yrittajat.fi\/hyvinvoinninpolku\/wp-json\/wp\/v2\/comments?post=398"}],"version-history":[{"count":6,"href":"https:\/\/me.yrittajat.fi\/hyvinvoinninpolku\/wp-json\/wp\/v2\/posts\/398\/revisions"}],"predecessor-version":[{"id":430,"href":"https:\/\/me.yrittajat.fi\/hyvinvoinninpolku\/wp-json\/wp\/v2\/posts\/398\/revisions\/430"}],"wp:attachment":[{"href":"https:\/\/me.yrittajat.fi\/hyvinvoinninpolku\/wp-json\/wp\/v2\/media?parent=398"}],"wp:term":[{"taxonomy":"category","embeddable":true,"href":"https:\/\/me.yrittajat.fi\/hyvinvoinninpolku\/wp-json\/wp\/v2\/categories?post=398"},{"taxonomy":"post_tag","embeddable":true,"href":"https:\/\/me.yrittajat.fi\/hyvinvoinninpolku\/wp-json\/wp\/v2\/tags?post=398"}],"curies":[{"name":"wp","href":"https:\/\/api.w.org\/{rel}","templated":true}]}}