{"id":407,"date":"2022-03-18T13:38:19","date_gmt":"2022-03-18T11:38:19","guid":{"rendered":"https:\/\/me.yrittajat.fi\/hyvinvoinninpolku\/?p=407"},"modified":"2022-03-23T13:01:45","modified_gmt":"2022-03-23T11:01:45","slug":"hankkeen-facebook-sivut-on-avattu","status":"publish","type":"post","link":"https:\/\/me.yrittajat.fi\/hyvinvoinninpolku\/hankkeen-facebook-sivut-on-avattu\/","title":{"rendered":"Hankkeen Facebook-sivut avattuna haulla L\u00f6yt\u00f6retki yritt\u00e4jien hyvinvoinnin ja kasvun polulle Etel\u00e4-Savossa"},"content":{"rendered":"\n<p>Hankkeen facebooksivut on avattuna. Sivuilla tiedotetaan ajankohtaisista hankkeeseen osallistuville ryhmille ja yritt\u00e4jille suunnatuista asioista. Tervetuloa sivuille!<\/p>\n","protected":false},"excerpt":{"rendered":"<p>Hankkeen facebooksivut on avattuna. Sivuilla tiedotetaan ajankohtaisista hankkeeseen osallistuville ryhmille ja yritt\u00e4jille suunnatuista asioista. Tervetuloa sivuille!<\/p>\n","protected":false},"author":49,"featured_media":0,"comment_status":"closed","ping_status":"closed","sticky":false,"template":"","format":"standard","meta":{"_acf_changed":false,"footnotes":""},"categories":[1],"tags":[],"class_list":["post-407","post","type-post","status-publish","format-standard","hentry","category-ajankohtaista"],"acf":[],"_links":{"self":[{"href":"https:\/\/me.yrittajat.fi\/hyvinvoinninpolku\/wp-json\/wp\/v2\/posts\/407","targetHints":{"allow":["GET"]}}],"collection":[{"href":"https:\/\/me.yrittajat.fi\/hyvinvoinninpolku\/wp-json\/wp\/v2\/posts"}],"about":[{"href":"https:\/\/me.yrittajat.fi\/hyvinvoinninpolku\/wp-json\/wp\/v2\/types\/post"}],"author":[{"embeddable":true,"href":"https:\/\/me.yrittajat.fi\/hyvinvoinninpolku\/wp-json\/wp\/v2\/users\/49"}],"replies":[{"embeddable":true,"href":"https:\/\/me.yrittajat.fi\/hyvinvoinninpolku\/wp-json\/wp\/v2\/comments?post=407"}],"version-history":[{"count":3,"href":"https:\/\/me.yrittajat.fi\/hyvinvoinninpolku\/wp-json\/wp\/v2\/posts\/407\/revisions"}],"predecessor-version":[{"id":429,"href":"https:\/\/me.yrittajat.fi\/hyvinvoinninpolku\/wp-json\/wp\/v2\/posts\/407\/revisions\/429"}],"wp:attachment":[{"href":"https:\/\/me.yrittajat.fi\/hyvinvoinninpolku\/wp-json\/wp\/v2\/media?parent=407"}],"wp:term":[{"taxonomy":"category","embeddable":true,"href":"https:\/\/me.yrittajat.fi\/hyvinvoinninpolku\/wp-json\/wp\/v2\/categories?post=407"},{"taxonomy":"post_tag","embeddable":true,"href":"https:\/\/me.yrittajat.fi\/hyvinvoinninpolku\/wp-json\/wp\/v2\/tags?post=407"}],"curies":[{"name":"wp","href":"https:\/\/api.w.org\/{rel}","templated":true}]}}