{"id":451,"date":"2022-04-25T15:16:15","date_gmt":"2022-04-25T12:16:15","guid":{"rendered":"https:\/\/me.yrittajat.fi\/hyvinvoinninpolku\/?p=451"},"modified":"2022-04-25T15:22:49","modified_gmt":"2022-04-25T12:22:49","slug":"loytoretki-yrittajien-hyvinvointiin-tanaan","status":"publish","type":"post","link":"https:\/\/me.yrittajat.fi\/hyvinvoinninpolku\/loytoretki-yrittajien-hyvinvointiin-tanaan\/","title":{"rendered":"L\u00f6yt\u00f6retki yritt\u00e4jien hyvinvointiin t\u00e4n\u00e4\u00e4n"},"content":{"rendered":"\n<p>Yritt\u00e4jien hyvinvointiin ja voimaantumiseen suunnattu hanke L\u00f6yt\u00f6retki yritt\u00e4jien hyvinvoinnin ja kasvun polulle Etel\u00e4-Savossa on l\u00e4htenyt hienosti k\u00e4yntiin. Yritt\u00e4ji\u00e4 on l\u00e4htenyt mukaan Etel\u00e4-Savossa jo l\u00e4hes 70 alansa osaajaa. Toiminta on k\u00e4ynnistetty Mikkeliss\u00e4, Savonlinnassa, Kangasniemell\u00e4, Punkaharjulla, Juvalla ja Rantasalmella. T\u00e4ll\u00e4 viikolla toiminta k\u00e4ynnistet\u00e4\u00e4n Pieks\u00e4m\u00e4ell\u00e4 aloitustilaisuudella.<\/p>\n\n\n\n<p>Ilmoittautuneille yritt\u00e4jille on t\u00e4ll\u00e4 hetkell\u00e4 k\u00e4ynniss\u00e4 l\u00e4ht\u00f6kohtien kartoitus. Kartoituksissa yritt\u00e4j\u00e4t p\u00e4\u00e4sev\u00e4t tutustumaan omiin voimavaroihinsa ja t\u00e4m\u00e4nhetkiseen hyvinvointiinsa. Toiminta jatkuu henkil\u00f6kohtaisilla haastatteluilla, joissa alamme hahmotella yritt\u00e4j\u00e4n hyvinvoinnin polkua eteenp\u00e4in tarkemmin. Hankkeen toimenpiteit\u00e4 suunnitellaan jokaiselle yritt\u00e4j\u00e4lle siten, ett\u00e4 h\u00e4nen on ne mahdollista toteuttaa.<\/p>\n\n\n\n<p>Ensimm\u00e4inen paikkakuntakohtainen treenirinki aloittaa toimintansa t\u00e4ll\u00e4 viikolla Mikkeliss\u00e4. Treeniringiss\u00e4 yritt\u00e4j\u00e4t p\u00e4\u00e4sev\u00e4t kahden viikon v\u00e4lein tutustumaan ja kokeilemaan turvallisessa ymp\u00e4rist\u00f6ss\u00e4 erilaisia liikuntamuotoja- ja lajeja. Treeniringiss\u00e4 lajikokeiluja k\u00e4yd\u00e4\u00e4n l\u00e4pi aina suunnistuksesta tanssiin sek\u00e4 padeliin ja kaikki yritt\u00e4jien toiveet ovat tervetulleita.<\/p>\n\n\n\n<p>Ensimm\u00e4inen hankkeen Training Camp j\u00e4rjestet\u00e4\u00e4n Tanhuvaaran Urheiluopistolla 14.-15.5. Training Campin ohjelma l\u00f6ytyy hankesivuilta kohdasta Mit\u00e4 hankkeessa tapahtuu juuri nyt? Training Campissa keskityt\u00e4\u00e4n mielen hyvinvointiin ammattilaisten ohjaaman toiminnan kautta. Ohjelmassa on my\u00f6s palauttavaa liikuntaa mm. joogan, pilateksen ja toiminnallisen kuntosaliharjoittelun teemoilla. Osallistujia Training campille on ilmoittautunut mukavasti!<\/p>\n\n\n\n<p>Training Campien yhteydess\u00e4 ja osana muuta toimintaa hanke tarjoaa osallistujille my\u00f6s mahdollisuuden kuntotestauksiin. Lis\u00e4ksi hankkeessa tarjotaan mahdollisuus mm. Firstbeat Hyvinvointianalyyseihin kyseisest\u00e4 palvelusta hy\u00f6tyville osallistujille. L\u00e4hestymistapa hyvinvoinnin edist\u00e4miseen on kokonaisvaltainen. Yritt\u00e4ji\u00e4 ohjataan tilanteen mukaan mm. talousneuvonnan piiriin, mik\u00e4li t\u00e4llaiselle avulle on tarvetta. Kuten sanottu, kaikki tehd\u00e4\u00e4n yritt\u00e4j\u00e4n ehdoilla ja toimenpiteet valitaan yritt\u00e4j\u00e4kohtaisesti. Ei lis\u00e4\u00e4 kuormittaen, vaan arkea tukien.<\/p>\n\n\n\n<p>Hankkeen toimenpiteet ovat yritt\u00e4jille maksuttomia. Mahdolliset omat ruoka- ja majoituskulut eiv\u00e4t ole tukikelpoisia kuluja. Hankkeeseen voi ilmoittautua edelleen. Ilmoittautuminen onnistuu n\u00e4ilt\u00e4 hankesivuilta kohdasta, Ilmoittautuminen on nyt k\u00e4ynniss\u00e4. Tervetuloa mukaan toimintaan, toivottavasti n\u00e4emme sinutkin mukana hyvin pian!<\/p>\n\n\n\n<figure class=\"wp-block-image size-large\"><img loading=\"lazy\" decoding=\"async\" width=\"1024\" height=\"576\" src=\"https:\/\/me.yrittajat.fi\/hyvinvoinninpolku\/app\/uploads\/sites\/42\/2022\/02\/Maisema-Astuvansalmelta-1-1-1024x576.jpg\" alt=\"\" class=\"wp-image-38\" srcset=\"https:\/\/me.yrittajat.fi\/app\/uploads\/sites\/42\/2022\/02\/Maisema-Astuvansalmelta-1-1-1024x576.jpg 1024w, https:\/\/me.yrittajat.fi\/app\/uploads\/sites\/42\/2022\/02\/Maisema-Astuvansalmelta-1-1-300x169.jpg 300w, https:\/\/me.yrittajat.fi\/app\/uploads\/sites\/42\/2022\/02\/Maisema-Astuvansalmelta-1-1-768x432.jpg 768w, https:\/\/me.yrittajat.fi\/app\/uploads\/sites\/42\/2022\/02\/Maisema-Astuvansalmelta-1-1-318x178.jpg 318w, https:\/\/me.yrittajat.fi\/app\/uploads\/sites\/42\/2022\/02\/Maisema-Astuvansalmelta-1-1.jpg 1200w\" sizes=\"auto, (max-width: 1024px) 100vw, 1024px\" \/><\/figure>\n\n\n\n<p><\/p>\n\n\n\n<p>Terveisin projektip\u00e4\u00e4llik\u00f6t<\/p>\n\n\n\n<p>Perttu Noponen, Etel\u00e4-Savon Yritt\u00e4j\u00e4t <\/p>\n\n\n\n<p>Sami Piisil\u00e4, Tanhuvaaran Urheiluopisto<\/p>\n","protected":false},"excerpt":{"rendered":"<p>Yritt\u00e4jien hyvinvointiin ja voimaantumiseen suunnattu hanke L\u00f6yt\u00f6retki yritt\u00e4jien hyvinvoinnin ja kasvun polulle Etel\u00e4-Savossa on l\u00e4htenyt hienosti k\u00e4yntiin. Yritt\u00e4ji\u00e4 on l\u00e4htenyt mukaan Etel\u00e4-Savossa jo l\u00e4hes 70 alansa osaajaa. Toiminta on k\u00e4ynnistetty Mikkeliss\u00e4, Savonlinnassa, Kangasniemell\u00e4, Punkaharjulla, Juvalla ja Rantasalmella. T\u00e4ll\u00e4 viikolla toiminta k\u00e4ynnistet\u00e4\u00e4n Pieks\u00e4m\u00e4ell\u00e4 aloitustilaisuudella. Ilmoittautuneille yritt\u00e4jille on t\u00e4ll\u00e4 hetkell\u00e4 k\u00e4ynniss\u00e4 l\u00e4ht\u00f6kohtien kartoitus. Kartoituksissa yritt\u00e4j\u00e4t p\u00e4\u00e4sev\u00e4t tutustumaan &hellip; <a href=\"https:\/\/me.yrittajat.fi\/hyvinvoinninpolku\/loytoretki-yrittajien-hyvinvointiin-tanaan\/\">Lue lis\u00e4\u00e4<\/a><\/p>\n","protected":false},"author":49,"featured_media":0,"comment_status":"closed","ping_status":"closed","sticky":false,"template":"","format":"standard","meta":{"_acf_changed":false,"footnotes":""},"categories":[1],"tags":[],"class_list":["post-451","post","type-post","status-publish","format-standard","hentry","category-ajankohtaista"],"acf":[],"_links":{"self":[{"href":"https:\/\/me.yrittajat.fi\/hyvinvoinninpolku\/wp-json\/wp\/v2\/posts\/451","targetHints":{"allow":["GET"]}}],"collection":[{"href":"https:\/\/me.yrittajat.fi\/hyvinvoinninpolku\/wp-json\/wp\/v2\/posts"}],"about":[{"href":"https:\/\/me.yrittajat.fi\/hyvinvoinninpolku\/wp-json\/wp\/v2\/types\/post"}],"author":[{"embeddable":true,"href":"https:\/\/me.yrittajat.fi\/hyvinvoinninpolku\/wp-json\/wp\/v2\/users\/49"}],"replies":[{"embeddable":true,"href":"https:\/\/me.yrittajat.fi\/hyvinvoinninpolku\/wp-json\/wp\/v2\/comments?post=451"}],"version-history":[{"count":2,"href":"https:\/\/me.yrittajat.fi\/hyvinvoinninpolku\/wp-json\/wp\/v2\/posts\/451\/revisions"}],"predecessor-version":[{"id":454,"href":"https:\/\/me.yrittajat.fi\/hyvinvoinninpolku\/wp-json\/wp\/v2\/posts\/451\/revisions\/454"}],"wp:attachment":[{"href":"https:\/\/me.yrittajat.fi\/hyvinvoinninpolku\/wp-json\/wp\/v2\/media?parent=451"}],"wp:term":[{"taxonomy":"category","embeddable":true,"href":"https:\/\/me.yrittajat.fi\/hyvinvoinninpolku\/wp-json\/wp\/v2\/categories?post=451"},{"taxonomy":"post_tag","embeddable":true,"href":"https:\/\/me.yrittajat.fi\/hyvinvoinninpolku\/wp-json\/wp\/v2\/tags?post=451"}],"curies":[{"name":"wp","href":"https:\/\/api.w.org\/{rel}","templated":true}]}}