{"id":458,"date":"2022-05-20T14:15:38","date_gmt":"2022-05-20T11:15:38","guid":{"rendered":"https:\/\/me.yrittajat.fi\/hyvinvoinninpolku\/?p=458"},"modified":"2022-05-20T14:15:38","modified_gmt":"2022-05-20T11:15:38","slug":"loytoretki-yrittajien-hyvinvointiin-hanke-otti-ison-askeleen-eteenpain","status":"publish","type":"post","link":"https:\/\/me.yrittajat.fi\/hyvinvoinninpolku\/loytoretki-yrittajien-hyvinvointiin-hanke-otti-ison-askeleen-eteenpain\/","title":{"rendered":"L\u00f6yt\u00f6retki yritt\u00e4jien hyvinvointiin- hanke otti ison askeleen eteenp\u00e4in"},"content":{"rendered":"\n<p>L\u00f6yt\u00f6retki yritt\u00e4jien hyvinvoinnin ja kasvun polulle Etel\u00e4-Savossa- hanke on ottanut j\u00e4lleen roiman askeleen eteenp\u00e4in. Ensimm\u00e4inen Training Camp Tanhuvaaran Urheiluopistolla j\u00e4rjestettiin noin 30 yritt\u00e4j\u00e4n voimin. Niin ik\u00e4\u00e4n henkil\u00f6kohtaisia keskusteluja yritt\u00e4jien kanssa on k\u00e4yty kymmeni\u00e4 ja Firstbeat Hyvinvointianalyysit on aloitettu. Seuraavassa on lyhyt katsaus sek\u00e4 edell\u00e4 mainittuihin ett\u00e4 tulevaan.<\/p>\n\n\n\n<p>Ohjelmaan Tanhuvaaran Training Campilla kuului mielen hyvinvoinnin ty\u00f6pajaa, pilatesta, psykologin luento ty\u00f6n kuormittavuudesta sek\u00e4 kuntotestauspatteristo halukkaille. Urheiluopiston alueeseen tutustuttiin kevyen ryhm\u00e4suunnistuksen ja teht\u00e4v\u00e4rastien merkeiss\u00e4 ennen lauantain p\u00e4iv\u00e4llist\u00e4. Lauantai-ilta p\u00e4\u00e4tettiin m\u00f6kkeillen, saunomiseen ja iltaruokaan. Sunnuntaina p\u00e4\u00e4si viel\u00e4 kokeilemaan joko hathajoogaa tai toiminnallista lihaskuntoharjoittelua. Hienoja keskusteluja, kohtaamisia ja verkostoitumista oli paljon. J\u00e4lleen kerran tuli todettua, kuinka hienoa porukkaa etel\u00e4savolaiset yritt\u00e4j\u00e4t ovat!<\/p>\n\n\n\n<p>Suurin osa hankkeessa mukana olevista 74 yritt\u00e4j\u00e4st\u00e4 on jo haastateltu henkil\u00f6kohtaisesti. Ensimm\u00e4isille halukkaille ja tarvitseville yritt\u00e4jille on aloitettu Firstbeat Hyvinvointianalyysit. N\u00e4iden lis\u00e4ksi kuntotestien ja jo aiemmin tehtyjen hyvinvointi- ja voimavarakartoitusten dataa hy\u00f6dynnet\u00e4\u00e4n yritt\u00e4jien henkil\u00f6kohtaisen hyvinvoinnin polun l\u00f6yt\u00e4miseksi. Edelleen ajatus yritt\u00e4j\u00e4n henkil\u00f6kohtaisen hyvinvoinnin polun luomisesta on aivan toiminnan ytimess\u00e4. Se tarkoittaa my\u00f6s sit\u00e4, ett\u00e4 jollekin mukana olevalle yritt\u00e4j\u00e4lle alkuun on saatettu ottaa vain henkil\u00f6kohtainen keskustelu ja kevytversio oman hyvinvoinnin kartoituksesta. Mik\u00e4li yritt\u00e4j\u00e4 itse kokee voimavarojensa olevan hieman my\u00f6hemmin kohentuneet, otetaan seuraava askel eteenp\u00e4in. Jokainen askel omien voimavarojen lis\u00e4\u00e4miseksi on merkitt\u00e4v\u00e4.<\/p>\n\n\n\n<p>Toiminta jatkuu yritt\u00e4jille j\u00e4rjestett\u00e4v\u00e4ll\u00e4 webinaarisarjalla. Ensimm\u00e4iset webinaarit j\u00e4rjestet\u00e4\u00e4n 8.6. ja 18.6. Kes\u00e4kuun webinaarien aiheina ovat Mieli ja keho kuntoon liikunnalla ja arkiaktiivisuudella sek\u00e4 Ravitsemus. Liikuntaan liittyv\u00e4 webinaari paneutuu liikuntasuosituksiin, liikuntafysiologiaan, liikunnan vaikutukseen mielelle ja keholle sek\u00e4 harjoitusesimerkkeihin.<\/p>\n\n\n\n<p>Treeniringit py\u00f6riv\u00e4t jo joillakin paikkakunnilla hienosti. Muutamille paikkakunnille toivotaan viel\u00e4 muutamia osallistujia lis\u00e4\u00e4, jolloin treenirinki startataan my\u00f6s kyseisiss\u00e4 kunnissa. Seuraava Training Camp j\u00e4rjestet\u00e4\u00e4n syyskuussa teemalla Itsens\u00e4 johtaminen ja hanke tulee toimimaan my\u00f6s Yritt\u00e4jien p\u00e4iv\u00e4n tapahtumissa mukana 5. syyskuuta.<\/p>\n\n\n\n<figure class=\"wp-block-image size-large\"><img loading=\"lazy\" decoding=\"async\" width=\"1024\" height=\"768\" src=\"https:\/\/me.yrittajat.fi\/hyvinvoinninpolku\/app\/uploads\/sites\/42\/2022\/05\/Tanhuvaara-1024x768.jpg\" alt=\"\" class=\"wp-image-460\" srcset=\"https:\/\/me.yrittajat.fi\/app\/uploads\/sites\/42\/2022\/05\/Tanhuvaara-1024x768.jpg 1024w, https:\/\/me.yrittajat.fi\/app\/uploads\/sites\/42\/2022\/05\/Tanhuvaara-300x225.jpg 300w, https:\/\/me.yrittajat.fi\/app\/uploads\/sites\/42\/2022\/05\/Tanhuvaara-768x576.jpg 768w, https:\/\/me.yrittajat.fi\/app\/uploads\/sites\/42\/2022\/05\/Tanhuvaara-1536x1152.jpg 1536w, https:\/\/me.yrittajat.fi\/app\/uploads\/sites\/42\/2022\/05\/Tanhuvaara-168x126.jpg 168w, https:\/\/me.yrittajat.fi\/app\/uploads\/sites\/42\/2022\/05\/Tanhuvaara-201x152.jpg 201w, https:\/\/me.yrittajat.fi\/app\/uploads\/sites\/42\/2022\/05\/Tanhuvaara.jpg 1730w\" sizes=\"auto, (max-width: 1024px) 100vw, 1024px\" \/><\/figure>\n\n\n\n<p><\/p>\n\n\n\n<p>Terveisin projektip\u00e4\u00e4llik\u00f6t<\/p>\n\n\n\n<p>Perttu Noponen Etel\u00e4-Savon Yritt\u00e4j\u00e4t<\/p>\n\n\n\n<p>Sami Piisil\u00e4 Tanhuvaaran Urheiluopisto<\/p>\n","protected":false},"excerpt":{"rendered":"<p>L\u00f6yt\u00f6retki yritt\u00e4jien hyvinvoinnin ja kasvun polulle Etel\u00e4-Savossa- hanke on ottanut j\u00e4lleen roiman askeleen eteenp\u00e4in. Ensimm\u00e4inen Training Camp Tanhuvaaran Urheiluopistolla j\u00e4rjestettiin noin 30 yritt\u00e4j\u00e4n voimin. Niin ik\u00e4\u00e4n henkil\u00f6kohtaisia keskusteluja yritt\u00e4jien kanssa on k\u00e4yty kymmeni\u00e4 ja Firstbeat Hyvinvointianalyysit on aloitettu. Seuraavassa on lyhyt katsaus sek\u00e4 edell\u00e4 mainittuihin ett\u00e4 tulevaan. Ohjelmaan Tanhuvaaran Training Campilla kuului mielen hyvinvoinnin ty\u00f6pajaa, &hellip; <a href=\"https:\/\/me.yrittajat.fi\/hyvinvoinninpolku\/loytoretki-yrittajien-hyvinvointiin-hanke-otti-ison-askeleen-eteenpain\/\">Lue lis\u00e4\u00e4<\/a><\/p>\n","protected":false},"author":49,"featured_media":0,"comment_status":"closed","ping_status":"closed","sticky":false,"template":"","format":"standard","meta":{"_acf_changed":false,"footnotes":""},"categories":[1],"tags":[],"class_list":["post-458","post","type-post","status-publish","format-standard","hentry","category-ajankohtaista"],"acf":[],"_links":{"self":[{"href":"https:\/\/me.yrittajat.fi\/hyvinvoinninpolku\/wp-json\/wp\/v2\/posts\/458","targetHints":{"allow":["GET"]}}],"collection":[{"href":"https:\/\/me.yrittajat.fi\/hyvinvoinninpolku\/wp-json\/wp\/v2\/posts"}],"about":[{"href":"https:\/\/me.yrittajat.fi\/hyvinvoinninpolku\/wp-json\/wp\/v2\/types\/post"}],"author":[{"embeddable":true,"href":"https:\/\/me.yrittajat.fi\/hyvinvoinninpolku\/wp-json\/wp\/v2\/users\/49"}],"replies":[{"embeddable":true,"href":"https:\/\/me.yrittajat.fi\/hyvinvoinninpolku\/wp-json\/wp\/v2\/comments?post=458"}],"version-history":[{"count":1,"href":"https:\/\/me.yrittajat.fi\/hyvinvoinninpolku\/wp-json\/wp\/v2\/posts\/458\/revisions"}],"predecessor-version":[{"id":461,"href":"https:\/\/me.yrittajat.fi\/hyvinvoinninpolku\/wp-json\/wp\/v2\/posts\/458\/revisions\/461"}],"wp:attachment":[{"href":"https:\/\/me.yrittajat.fi\/hyvinvoinninpolku\/wp-json\/wp\/v2\/media?parent=458"}],"wp:term":[{"taxonomy":"category","embeddable":true,"href":"https:\/\/me.yrittajat.fi\/hyvinvoinninpolku\/wp-json\/wp\/v2\/categories?post=458"},{"taxonomy":"post_tag","embeddable":true,"href":"https:\/\/me.yrittajat.fi\/hyvinvoinninpolku\/wp-json\/wp\/v2\/tags?post=458"}],"curies":[{"name":"wp","href":"https:\/\/api.w.org\/{rel}","templated":true}]}}