{"id":462,"date":"2022-06-08T18:14:13","date_gmt":"2022-06-08T15:14:13","guid":{"rendered":"https:\/\/me.yrittajat.fi\/hyvinvoinninpolku\/?p=462"},"modified":"2022-06-08T18:19:29","modified_gmt":"2022-06-08T15:19:29","slug":"tallenne-webinaarista-mieli-ja-keho-kuntoon-liikunnalla-ja-arkiaktiivisuudella","status":"publish","type":"post","link":"https:\/\/me.yrittajat.fi\/hyvinvoinninpolku\/tallenne-webinaarista-mieli-ja-keho-kuntoon-liikunnalla-ja-arkiaktiivisuudella\/","title":{"rendered":"Tallenne webinaarista Mieli ja keho kuntoon liikunnalla ja arkiaktiivisuudella"},"content":{"rendered":"\n<p>Seuraavasta linkist\u00e4 l\u00f6ytyy tallenne ensimm\u00e4isest\u00e4 webinaaristamme Mieli ja keho kuntoon liikunnalla ja arkiaktiivisuudella <a href=\"https:\/\/yrittajat-my.sharepoint.com\/:v:\/g\/personal\/perttu_noponen_yrittajat_fi\/Edv-AmlNY2JKjbZcNnC_rc4BQwXSDc39oNo_Ee0uzMWqxw?e=yi5rWC\">L\u00f6yt\u00f6retki yritt\u00e4jien hyvinvointiin webinaari ke 8.6. klo 17!-20220608_170210-Kokouksen tallenne.mp4<\/a>.<\/p>\n","protected":false},"excerpt":{"rendered":"<p>Seuraavasta linkist\u00e4 l\u00f6ytyy tallenne ensimm\u00e4isest\u00e4 webinaaristamme Mieli ja keho kuntoon liikunnalla ja arkiaktiivisuudella L\u00f6yt\u00f6retki yritt\u00e4jien hyvinvointiin webinaari ke 8.6. klo 17!-20220608_170210-Kokouksen tallenne.mp4.<\/p>\n","protected":false},"author":49,"featured_media":0,"comment_status":"closed","ping_status":"closed","sticky":false,"template":"","format":"standard","meta":{"_acf_changed":false,"footnotes":""},"categories":[1],"tags":[],"class_list":["post-462","post","type-post","status-publish","format-standard","hentry","category-ajankohtaista"],"acf":[],"_links":{"self":[{"href":"https:\/\/me.yrittajat.fi\/hyvinvoinninpolku\/wp-json\/wp\/v2\/posts\/462","targetHints":{"allow":["GET"]}}],"collection":[{"href":"https:\/\/me.yrittajat.fi\/hyvinvoinninpolku\/wp-json\/wp\/v2\/posts"}],"about":[{"href":"https:\/\/me.yrittajat.fi\/hyvinvoinninpolku\/wp-json\/wp\/v2\/types\/post"}],"author":[{"embeddable":true,"href":"https:\/\/me.yrittajat.fi\/hyvinvoinninpolku\/wp-json\/wp\/v2\/users\/49"}],"replies":[{"embeddable":true,"href":"https:\/\/me.yrittajat.fi\/hyvinvoinninpolku\/wp-json\/wp\/v2\/comments?post=462"}],"version-history":[{"count":2,"href":"https:\/\/me.yrittajat.fi\/hyvinvoinninpolku\/wp-json\/wp\/v2\/posts\/462\/revisions"}],"predecessor-version":[{"id":464,"href":"https:\/\/me.yrittajat.fi\/hyvinvoinninpolku\/wp-json\/wp\/v2\/posts\/462\/revisions\/464"}],"wp:attachment":[{"href":"https:\/\/me.yrittajat.fi\/hyvinvoinninpolku\/wp-json\/wp\/v2\/media?parent=462"}],"wp:term":[{"taxonomy":"category","embeddable":true,"href":"https:\/\/me.yrittajat.fi\/hyvinvoinninpolku\/wp-json\/wp\/v2\/categories?post=462"},{"taxonomy":"post_tag","embeddable":true,"href":"https:\/\/me.yrittajat.fi\/hyvinvoinninpolku\/wp-json\/wp\/v2\/tags?post=462"}],"curies":[{"name":"wp","href":"https:\/\/api.w.org\/{rel}","templated":true}]}}