{"id":482,"date":"2022-07-07T13:55:09","date_gmt":"2022-07-07T10:55:09","guid":{"rendered":"https:\/\/me.yrittajat.fi\/hyvinvoinninpolku\/?p=482"},"modified":"2022-07-07T13:55:10","modified_gmt":"2022-07-07T10:55:10","slug":"hanke-mukana-rantasalmen-toritapahtumassa","status":"publish","type":"post","link":"https:\/\/me.yrittajat.fi\/hyvinvoinninpolku\/hanke-mukana-rantasalmen-toritapahtumassa\/","title":{"rendered":"Hanke mukana Rantasalmen toritapahtumassa"},"content":{"rendered":"\n<p>Rantasalmella j\u00e4rjestettiin hieno paikallinen toritapahtuma keskiviikkona 6.7. Hankkeemme oli mukana tapahtumassa esittelem\u00e4ss\u00e4 toimintaansa. Paikanp\u00e4\u00e4ll\u00e4 esitt\u00e4ytyi my\u00f6s Rantasalmen uusi syyskuussa aloittava kunnanjohtaja. Toivomme Rantasalmelta yritt\u00e4ji\u00e4 mukaan hankkeeseemme.<\/p>\n","protected":false},"excerpt":{"rendered":"<p>Rantasalmella j\u00e4rjestettiin hieno paikallinen toritapahtuma keskiviikkona 6.7. Hankkeemme oli mukana tapahtumassa esittelem\u00e4ss\u00e4 toimintaansa. Paikanp\u00e4\u00e4ll\u00e4 esitt\u00e4ytyi my\u00f6s Rantasalmen uusi syyskuussa aloittava kunnanjohtaja. Toivomme Rantasalmelta yritt\u00e4ji\u00e4 mukaan hankkeeseemme.<\/p>\n","protected":false},"author":49,"featured_media":483,"comment_status":"closed","ping_status":"closed","sticky":false,"template":"","format":"standard","meta":{"_acf_changed":false,"footnotes":""},"categories":[1],"tags":[],"class_list":["post-482","post","type-post","status-publish","format-standard","has-post-thumbnail","hentry","category-ajankohtaista"],"acf":[],"_links":{"self":[{"href":"https:\/\/me.yrittajat.fi\/hyvinvoinninpolku\/wp-json\/wp\/v2\/posts\/482","targetHints":{"allow":["GET"]}}],"collection":[{"href":"https:\/\/me.yrittajat.fi\/hyvinvoinninpolku\/wp-json\/wp\/v2\/posts"}],"about":[{"href":"https:\/\/me.yrittajat.fi\/hyvinvoinninpolku\/wp-json\/wp\/v2\/types\/post"}],"author":[{"embeddable":true,"href":"https:\/\/me.yrittajat.fi\/hyvinvoinninpolku\/wp-json\/wp\/v2\/users\/49"}],"replies":[{"embeddable":true,"href":"https:\/\/me.yrittajat.fi\/hyvinvoinninpolku\/wp-json\/wp\/v2\/comments?post=482"}],"version-history":[{"count":1,"href":"https:\/\/me.yrittajat.fi\/hyvinvoinninpolku\/wp-json\/wp\/v2\/posts\/482\/revisions"}],"predecessor-version":[{"id":484,"href":"https:\/\/me.yrittajat.fi\/hyvinvoinninpolku\/wp-json\/wp\/v2\/posts\/482\/revisions\/484"}],"wp:featuredmedia":[{"embeddable":true,"href":"https:\/\/me.yrittajat.fi\/hyvinvoinninpolku\/wp-json\/wp\/v2\/media\/483"}],"wp:attachment":[{"href":"https:\/\/me.yrittajat.fi\/hyvinvoinninpolku\/wp-json\/wp\/v2\/media?parent=482"}],"wp:term":[{"taxonomy":"category","embeddable":true,"href":"https:\/\/me.yrittajat.fi\/hyvinvoinninpolku\/wp-json\/wp\/v2\/categories?post=482"},{"taxonomy":"post_tag","embeddable":true,"href":"https:\/\/me.yrittajat.fi\/hyvinvoinninpolku\/wp-json\/wp\/v2\/tags?post=482"}],"curies":[{"name":"wp","href":"https:\/\/api.w.org\/{rel}","templated":true}]}}