{"id":485,"date":"2022-08-08T11:56:39","date_gmt":"2022-08-08T08:56:39","guid":{"rendered":"https:\/\/me.yrittajat.fi\/hyvinvoinninpolku\/?p=485"},"modified":"2022-08-08T12:11:31","modified_gmt":"2022-08-08T09:11:31","slug":"yrittajan-tyoterveyshuollosta-asiaa","status":"publish","type":"post","link":"https:\/\/me.yrittajat.fi\/hyvinvoinninpolku\/yrittajan-tyoterveyshuollosta-asiaa\/","title":{"rendered":"Yritt\u00e4j\u00e4n ty\u00f6terveyshuollosta asiaa!"},"content":{"rendered":"\n<p>Yritt\u00e4j\u00e4n ty\u00f6terveyshuolto on t\u00e4rke\u00e4\u00e4 my\u00f6s yksinyritt\u00e4j\u00e4lle ja pakollista ty\u00f6nantajalle. Ty\u00f6terveyshuollon laajuuden voi yritt\u00e4j\u00e4 p\u00e4\u00e4tt\u00e4\u00e4 itse. Ohessa on kaksi linkki\u00e4 asiaan liittyen ja suosittelen katsomaan v\u00e4hint\u00e4\u00e4n ensimm\u00e4isess\u00e4 linkiss\u00e4 olevan nelj\u00e4n minuutin esittelyvideon. Siin\u00e4 kerrotaan ty\u00f6terveyshuollon hy\u00f6tyjen lis\u00e4ksi mm. ty\u00f6terveyshuollon kelakorvauksista sek\u00e4 maksujen v\u00e4hennysoikeudesta verotuksessa. Linkit sivuille <a rel=\"noreferrer noopener\" href=\"https:\/\/www.ttl.fi\/teemat\/tyoterveys\/yrittajat-ja-itsensatyollistajat\/tyoterveyshuolto-yrittajan-tukena?fbclid=IwAR2lL_QrtNGOrRJ2W0N44G8o-hllIWgPH8GAf9d_poxDlSlsyy4QHENw4x8\" target=\"_blank\">https:\/\/www.ttl.fi\/\u2026\/yrit\u2026\/tyoterveyshuolto-yrittajan-tukena<\/a> ja <a rel=\"noreferrer noopener\" href=\"https:\/\/www.ttl.fi\/ajankohtaista\/blogi\/onko-pakko-hankkia-tyoterveyshuolto?fbclid=IwAR36fcnbrhMeMzIkU8CiWBWn40oUYs0fXqIlVmjJB_gqHCkrMwxdKdb5YyI\" target=\"_blank\">https:\/\/www.ttl.fi\/\u2026\/onko-pakko-hankkia-tyoterveyshuolto<\/a>. Yritt\u00e4j\u00e4j\u00e4rjest\u00f6\u00f6n liittyneiden kannattaa kysy\u00e4, onko j\u00e4rjest\u00f6 jo tehnyt paikallisen kilpailutuksen. <\/p>\n\n\n\n<p>Hyv\u00e4\u00e4 alkavaa viikkoa kaikille! Muistakaa sy\u00f6d\u00e4 v\u00e4lipalat ja johonkin v\u00e4liin p\u00e4iv\u00e4ss\u00e4 ottaa my\u00f6s pient\u00e4 heng\u00e4hdystaukoa, jos suinkin mahdollista:)<\/p>\n","protected":false},"excerpt":{"rendered":"<p>Yritt\u00e4j\u00e4n ty\u00f6terveyshuolto on t\u00e4rke\u00e4\u00e4 my\u00f6s yksinyritt\u00e4j\u00e4lle ja pakollista ty\u00f6nantajalle. Ty\u00f6terveyshuollon laajuuden voi yritt\u00e4j\u00e4 p\u00e4\u00e4tt\u00e4\u00e4 itse. Ohessa on kaksi linkki\u00e4 asiaan liittyen ja suosittelen katsomaan v\u00e4hint\u00e4\u00e4n ensimm\u00e4isess\u00e4 linkiss\u00e4 olevan nelj\u00e4n minuutin esittelyvideon. Siin\u00e4 kerrotaan ty\u00f6terveyshuollon hy\u00f6tyjen lis\u00e4ksi mm. ty\u00f6terveyshuollon kelakorvauksista sek\u00e4 maksujen v\u00e4hennysoikeudesta verotuksessa. Linkit sivuille https:\/\/www.ttl.fi\/\u2026\/yrit\u2026\/tyoterveyshuolto-yrittajan-tukena ja https:\/\/www.ttl.fi\/\u2026\/onko-pakko-hankkia-tyoterveyshuolto. Yritt\u00e4j\u00e4j\u00e4rjest\u00f6\u00f6n liittyneiden kannattaa kysy\u00e4, onko j\u00e4rjest\u00f6 jo &hellip; <a href=\"https:\/\/me.yrittajat.fi\/hyvinvoinninpolku\/yrittajan-tyoterveyshuollosta-asiaa\/\">Lue lis\u00e4\u00e4<\/a><\/p>\n","protected":false},"author":49,"featured_media":0,"comment_status":"closed","ping_status":"closed","sticky":false,"template":"","format":"standard","meta":{"_acf_changed":false,"footnotes":""},"categories":[1],"tags":[],"class_list":["post-485","post","type-post","status-publish","format-standard","hentry","category-ajankohtaista"],"acf":[],"_links":{"self":[{"href":"https:\/\/me.yrittajat.fi\/hyvinvoinninpolku\/wp-json\/wp\/v2\/posts\/485","targetHints":{"allow":["GET"]}}],"collection":[{"href":"https:\/\/me.yrittajat.fi\/hyvinvoinninpolku\/wp-json\/wp\/v2\/posts"}],"about":[{"href":"https:\/\/me.yrittajat.fi\/hyvinvoinninpolku\/wp-json\/wp\/v2\/types\/post"}],"author":[{"embeddable":true,"href":"https:\/\/me.yrittajat.fi\/hyvinvoinninpolku\/wp-json\/wp\/v2\/users\/49"}],"replies":[{"embeddable":true,"href":"https:\/\/me.yrittajat.fi\/hyvinvoinninpolku\/wp-json\/wp\/v2\/comments?post=485"}],"version-history":[{"count":3,"href":"https:\/\/me.yrittajat.fi\/hyvinvoinninpolku\/wp-json\/wp\/v2\/posts\/485\/revisions"}],"predecessor-version":[{"id":490,"href":"https:\/\/me.yrittajat.fi\/hyvinvoinninpolku\/wp-json\/wp\/v2\/posts\/485\/revisions\/490"}],"wp:attachment":[{"href":"https:\/\/me.yrittajat.fi\/hyvinvoinninpolku\/wp-json\/wp\/v2\/media?parent=485"}],"wp:term":[{"taxonomy":"category","embeddable":true,"href":"https:\/\/me.yrittajat.fi\/hyvinvoinninpolku\/wp-json\/wp\/v2\/categories?post=485"},{"taxonomy":"post_tag","embeddable":true,"href":"https:\/\/me.yrittajat.fi\/hyvinvoinninpolku\/wp-json\/wp\/v2\/tags?post=485"}],"curies":[{"name":"wp","href":"https:\/\/api.w.org\/{rel}","templated":true}]}}