{"id":492,"date":"2022-08-17T09:59:10","date_gmt":"2022-08-17T06:59:10","guid":{"rendered":"https:\/\/me.yrittajat.fi\/hyvinvoinninpolku\/?p=492"},"modified":"2022-08-17T10:17:50","modified_gmt":"2022-08-17T07:17:50","slug":"itsensa-johtamisen-training-camp-tanhuvaarassa-24-25-9","status":"publish","type":"post","link":"https:\/\/me.yrittajat.fi\/hyvinvoinninpolku\/itsensa-johtamisen-training-camp-tanhuvaarassa-24-25-9\/","title":{"rendered":"Itsens\u00e4 johtamisen Training Camp Tanhuvaarassa 24.-25.9."},"content":{"rendered":"\n<p>On j\u00e4lleen Training Campin aika! T\u00e4ll\u00e4 kertaa edet\u00e4\u00e4n itsens\u00e4 johtamisen teemalla. Leirill\u00e4 on luvassa paljon aktiviteettia. Lauantaiaamu starttaa toiminnallisella ryhm\u00e4keskustelulla, jossa keskeinen teema on l\u00f6yt\u00e4\u00e4 itselle sopiva tapa toimia. Osio on nimenomaan toiminnallinen, eli t\u00e4ss\u00e4 osiossa p\u00e4\u00e4see my\u00f6s sopivasti liikkumaan.<\/p>\n\n\n\n<p>Iltap\u00e4iv\u00e4ll\u00e4 meill\u00e4 on kunnia kuulla jo ensimm\u00e4iselt\u00e4 Campilta tuttua Sari Pietik\u00e4ist\u00e4 ty\u00f6pajan merkeiss\u00e4. Sari on el\u00e4v\u00e4inen puhuja ja tulee vet\u00e4m\u00e4\u00e4n ty\u00f6pajan, jossa paneudutaan itsens\u00e4 johtamiseen. Sari toimii psykologina p\u00e4iv\u00e4ty\u00f6ss\u00e4\u00e4n mm. uupumuksen ja unen huollon sek\u00e4 kokonaisvaltaisen ty\u00f6ss\u00e4 jaksamisen kysymysten \u00e4\u00e4rell\u00e4.<\/p>\n\n\n\n<p>Iltap\u00e4iv\u00e4n p\u00e4\u00e4tteeksi ja illan kahussa ennen yhteist\u00e4 rantasaunailtaa paneudumme viel\u00e4 niskan ja sel\u00e4n kunnossapitoon sek\u00e4 otamme selv\u00e4\u00e4 leikkimielisill\u00e4 olympialaisilla, kuka on Tanhuvaaran olympia-areenan kuningatar ja kuningas.<\/p>\n\n\n\n<p>Sunnuntaiaamuna painitaan itselle sopivien tavoitteiden parissa ja paneudutaan miettim\u00e4\u00e4n, kuinka tavoitteet oikeasti saavutetaan. Oikein suhteutettu tavoitteenasettelu on tavoitteisiin p\u00e4\u00e4semiseksi aivan olennainen asia. Leiri p\u00e4\u00e4tet\u00e4\u00e4n ennen lounasta liikuntatuokioon, jossa k\u00e4yd\u00e4\u00e4n Piisil\u00e4\/Noponen-kaksikon toimesta muutamia perusasioita l\u00e4pi:)<\/p>\n\n\n\n<p>Olette kaikki l\u00e4mpim\u00e4sti tervetulleita leirille ja toivomme, ett\u00e4 n\u00e4emme mahdollisimman montaa teist\u00e4. Muistattehan my\u00f6s, ett\u00e4 teill\u00e4 on mahdollista osallistua my\u00f6s vain toisena p\u00e4iv\u00e4n\u00e4 tai tiettyihin osioihin, mik\u00e4li koko viikonloppu ei mahdollistu.<\/p>\n\n\n\n<p>Ps. Tanhuvaarassa on lauantaina my\u00f6s Hyvinvointimessut samanaikaisesti leirimme kanssa ja teille tarjoutuu mahdollisuus my\u00f6s messualueeseen tutustumiseen. <\/p>\n\n\n\n<p>Alla on liitteen\u00e4 leirimme ohjelma ja esittely sek\u00e4 linkki ilmoittautumiseen.<\/p>\n\n\n\n<div data-wp-interactive=\"core\/file\" class=\"wp-block-file\"><object data-wp-bind--hidden=\"!state.hasPdfPreview\" hidden class=\"wp-block-file__embed\" data=\"https:\/\/me.yrittajat.fi\/hyvinvoinninpolku\/app\/uploads\/sites\/42\/2022\/08\/Kutsu-Training-Campille-24.-25.9.pdf\" type=\"application\/pdf\" style=\"width:100%;height:600px\" aria-label=\"Embed of Tiedoston Kutsu-Training-Campille-24.-25.9 upotus..\"><\/object><a id=\"wp-block-file--media-2b42c711-d067-445d-992b-692466674607\" href=\"https:\/\/me.yrittajat.fi\/hyvinvoinninpolku\/app\/uploads\/sites\/42\/2022\/08\/Kutsu-Training-Campille-24.-25.9.pdf\">Kutsu-Training-Campille-24.-25.9<\/a><a href=\"https:\/\/me.yrittajat.fi\/hyvinvoinninpolku\/app\/uploads\/sites\/42\/2022\/08\/Kutsu-Training-Campille-24.-25.9.pdf\" class=\"wp-block-file__button\" download aria-describedby=\"wp-block-file--media-2b42c711-d067-445d-992b-692466674607\">Lataa<\/a><\/div>\n","protected":false},"excerpt":{"rendered":"<p>On j\u00e4lleen Training Campin aika! T\u00e4ll\u00e4 kertaa edet\u00e4\u00e4n itsens\u00e4 johtamisen teemalla. Leirill\u00e4 on luvassa paljon aktiviteettia. Lauantaiaamu starttaa toiminnallisella ryhm\u00e4keskustelulla, jossa keskeinen teema on l\u00f6yt\u00e4\u00e4 itselle sopiva tapa toimia. Osio on nimenomaan toiminnallinen, eli t\u00e4ss\u00e4 osiossa p\u00e4\u00e4see my\u00f6s sopivasti liikkumaan. Iltap\u00e4iv\u00e4ll\u00e4 meill\u00e4 on kunnia kuulla jo ensimm\u00e4iselt\u00e4 Campilta tuttua Sari Pietik\u00e4ist\u00e4 ty\u00f6pajan merkeiss\u00e4. Sari on &hellip; <a href=\"https:\/\/me.yrittajat.fi\/hyvinvoinninpolku\/itsensa-johtamisen-training-camp-tanhuvaarassa-24-25-9\/\">Lue lis\u00e4\u00e4<\/a><\/p>\n","protected":false},"author":49,"featured_media":0,"comment_status":"closed","ping_status":"closed","sticky":false,"template":"","format":"standard","meta":{"_acf_changed":false,"footnotes":""},"categories":[1],"tags":[],"class_list":["post-492","post","type-post","status-publish","format-standard","hentry","category-ajankohtaista"],"acf":[],"_links":{"self":[{"href":"https:\/\/me.yrittajat.fi\/hyvinvoinninpolku\/wp-json\/wp\/v2\/posts\/492","targetHints":{"allow":["GET"]}}],"collection":[{"href":"https:\/\/me.yrittajat.fi\/hyvinvoinninpolku\/wp-json\/wp\/v2\/posts"}],"about":[{"href":"https:\/\/me.yrittajat.fi\/hyvinvoinninpolku\/wp-json\/wp\/v2\/types\/post"}],"author":[{"embeddable":true,"href":"https:\/\/me.yrittajat.fi\/hyvinvoinninpolku\/wp-json\/wp\/v2\/users\/49"}],"replies":[{"embeddable":true,"href":"https:\/\/me.yrittajat.fi\/hyvinvoinninpolku\/wp-json\/wp\/v2\/comments?post=492"}],"version-history":[{"count":2,"href":"https:\/\/me.yrittajat.fi\/hyvinvoinninpolku\/wp-json\/wp\/v2\/posts\/492\/revisions"}],"predecessor-version":[{"id":495,"href":"https:\/\/me.yrittajat.fi\/hyvinvoinninpolku\/wp-json\/wp\/v2\/posts\/492\/revisions\/495"}],"wp:attachment":[{"href":"https:\/\/me.yrittajat.fi\/hyvinvoinninpolku\/wp-json\/wp\/v2\/media?parent=492"}],"wp:term":[{"taxonomy":"category","embeddable":true,"href":"https:\/\/me.yrittajat.fi\/hyvinvoinninpolku\/wp-json\/wp\/v2\/categories?post=492"},{"taxonomy":"post_tag","embeddable":true,"href":"https:\/\/me.yrittajat.fi\/hyvinvoinninpolku\/wp-json\/wp\/v2\/tags?post=492"}],"curies":[{"name":"wp","href":"https:\/\/api.w.org\/{rel}","templated":true}]}}