{"id":496,"date":"2022-08-19T13:25:46","date_gmt":"2022-08-19T10:25:46","guid":{"rendered":"https:\/\/me.yrittajat.fi\/hyvinvoinninpolku\/?p=496"},"modified":"2022-08-19T13:36:11","modified_gmt":"2022-08-19T10:36:11","slug":"ajankohtaista-loytoretki-yrittajien-hyvinvoinnin-ja-kasvun-polulle-etela-savossa-hankkeessa","status":"publish","type":"post","link":"https:\/\/me.yrittajat.fi\/hyvinvoinninpolku\/ajankohtaista-loytoretki-yrittajien-hyvinvoinnin-ja-kasvun-polulle-etela-savossa-hankkeessa\/","title":{"rendered":"Ajankohtaista L\u00f6yt\u00f6retki Yritt\u00e4jien hyvinvoinnin ja kasvun polulle Etel\u00e4-Savossa- hankkeessa"},"content":{"rendered":"\n<div data-wp-interactive=\"core\/file\" class=\"wp-block-file\"><object data-wp-bind--hidden=\"!state.hasPdfPreview\" hidden class=\"wp-block-file__embed\" data=\"https:\/\/me.yrittajat.fi\/hyvinvoinninpolku\/app\/uploads\/sites\/42\/2022\/08\/ajankohtaista-loytoretki-yrittajien-hyvinvointiin-hankkeessa-1.pdf\" type=\"application\/pdf\" style=\"width:100%;height:600px\" aria-label=\"Embed of Tiedoston ajankohtaista-loytoretki-yrittajien-hyvinvointiin-hankkeessa-1 upotus..\"><\/object><a id=\"wp-block-file--media-1cdb4574-d03f-476f-bab4-c0e8df681340\" href=\"https:\/\/me.yrittajat.fi\/hyvinvoinninpolku\/app\/uploads\/sites\/42\/2022\/08\/ajankohtaista-loytoretki-yrittajien-hyvinvointiin-hankkeessa-1.pdf\">ajankohtaista-loytoretki-yrittajien-hyvinvointiin-hankkeessa-1<\/a><a href=\"https:\/\/me.yrittajat.fi\/hyvinvoinninpolku\/app\/uploads\/sites\/42\/2022\/08\/ajankohtaista-loytoretki-yrittajien-hyvinvointiin-hankkeessa-1.pdf\" class=\"wp-block-file__button\" download aria-describedby=\"wp-block-file--media-1cdb4574-d03f-476f-bab4-c0e8df681340\">Lataa<\/a><\/div>\n","protected":false},"excerpt":{"rendered":"","protected":false},"author":49,"featured_media":0,"comment_status":"closed","ping_status":"closed","sticky":false,"template":"","format":"standard","meta":{"_acf_changed":false,"footnotes":""},"categories":[1],"tags":[],"class_list":["post-496","post","type-post","status-publish","format-standard","hentry","category-ajankohtaista"],"acf":[],"_links":{"self":[{"href":"https:\/\/me.yrittajat.fi\/hyvinvoinninpolku\/wp-json\/wp\/v2\/posts\/496","targetHints":{"allow":["GET"]}}],"collection":[{"href":"https:\/\/me.yrittajat.fi\/hyvinvoinninpolku\/wp-json\/wp\/v2\/posts"}],"about":[{"href":"https:\/\/me.yrittajat.fi\/hyvinvoinninpolku\/wp-json\/wp\/v2\/types\/post"}],"author":[{"embeddable":true,"href":"https:\/\/me.yrittajat.fi\/hyvinvoinninpolku\/wp-json\/wp\/v2\/users\/49"}],"replies":[{"embeddable":true,"href":"https:\/\/me.yrittajat.fi\/hyvinvoinninpolku\/wp-json\/wp\/v2\/comments?post=496"}],"version-history":[{"count":2,"href":"https:\/\/me.yrittajat.fi\/hyvinvoinninpolku\/wp-json\/wp\/v2\/posts\/496\/revisions"}],"predecessor-version":[{"id":500,"href":"https:\/\/me.yrittajat.fi\/hyvinvoinninpolku\/wp-json\/wp\/v2\/posts\/496\/revisions\/500"}],"wp:attachment":[{"href":"https:\/\/me.yrittajat.fi\/hyvinvoinninpolku\/wp-json\/wp\/v2\/media?parent=496"}],"wp:term":[{"taxonomy":"category","embeddable":true,"href":"https:\/\/me.yrittajat.fi\/hyvinvoinninpolku\/wp-json\/wp\/v2\/categories?post=496"},{"taxonomy":"post_tag","embeddable":true,"href":"https:\/\/me.yrittajat.fi\/hyvinvoinninpolku\/wp-json\/wp\/v2\/tags?post=496"}],"curies":[{"name":"wp","href":"https:\/\/api.w.org\/{rel}","templated":true}]}}