{"id":508,"date":"2022-10-03T14:12:57","date_gmt":"2022-10-03T11:12:57","guid":{"rendered":"https:\/\/me.yrittajat.fi\/hyvinvoinninpolku\/?p=508"},"modified":"2022-10-03T14:33:40","modified_gmt":"2022-10-03T11:33:40","slug":"uni-ja-palautumiswebinaarin-tallenne-29-9","status":"publish","type":"post","link":"https:\/\/me.yrittajat.fi\/hyvinvoinninpolku\/uni-ja-palautumiswebinaarin-tallenne-29-9\/","title":{"rendered":"Uni- ja palautumiswebinaarin tallenne 29.9."},"content":{"rendered":"\n<p>Uneen ja palautumiseen sek\u00e4 unen huoltoon liittyv\u00e4n webinaarin tallenne l\u00f6ytyy alla olevasta linkist\u00e4. Yritin jutun pit\u00e4\u00e4 tiiviin\u00e4, mutta hieman joutui 30 minuutin ajasta joustamaan. Ensimm\u00e4isen minuutin voitte kelailla poies, niin p\u00e4\u00e4sette suoraan asiaan:) Antakaa vain rehti\u00e4 palautetta mielell\u00e4\u00e4n s\u00e4hk\u00f6postilla, jos jotain tulee t\u00e4st\u00e4 mieleen. Esim. mist\u00e4 olisi halunnut kuulla enemm\u00e4n tai mentiink\u00f6 asioissa liiankin syv\u00e4lle:) Kuunteluiloa! Ja linkki l\u00f6ytyy <a href=\"https:\/\/yrittajat-my.sharepoint.com\/:v:\/g\/personal\/perttu_noponen_yrittajat_fi\/Ec5hODrA4h5OrJ6OoD9zEOMBHsW8oJ75IlNske_8S__lxw?e=O3dw4M\">https:\/\/yrittajat-my.sharepoint.com\/:v:\/g\/personal\/perttu_noponen_yrittajat_fi\/Ec5hODrA4h5OrJ6OoD9zEOMBHsW8oJ75IlNske_8S__lxw?e=O3dw4M<\/a><\/p>\n\n\n\n<p><\/p>\n\n\n\n<p>Mukavaa alkanutta viikkoa kaikille <\/p>\n\n\n\n<p>Perttu Noponen<\/p>\n","protected":false},"excerpt":{"rendered":"<p>Uneen ja palautumiseen sek\u00e4 unen huoltoon liittyv\u00e4n webinaarin tallenne l\u00f6ytyy alla olevasta linkist\u00e4. Yritin jutun pit\u00e4\u00e4 tiiviin\u00e4, mutta hieman joutui 30 minuutin ajasta joustamaan. Ensimm\u00e4isen minuutin voitte kelailla poies, niin p\u00e4\u00e4sette suoraan asiaan:) Antakaa vain rehti\u00e4 palautetta mielell\u00e4\u00e4n s\u00e4hk\u00f6postilla, jos jotain tulee t\u00e4st\u00e4 mieleen. Esim. mist\u00e4 olisi halunnut kuulla enemm\u00e4n tai mentiink\u00f6 asioissa liiankin syv\u00e4lle:) &hellip; <a href=\"https:\/\/me.yrittajat.fi\/hyvinvoinninpolku\/uni-ja-palautumiswebinaarin-tallenne-29-9\/\">Lue lis\u00e4\u00e4<\/a><\/p>\n","protected":false},"author":49,"featured_media":0,"comment_status":"closed","ping_status":"closed","sticky":false,"template":"","format":"standard","meta":{"_acf_changed":false,"footnotes":""},"categories":[1],"tags":[],"class_list":["post-508","post","type-post","status-publish","format-standard","hentry","category-ajankohtaista"],"acf":[],"_links":{"self":[{"href":"https:\/\/me.yrittajat.fi\/hyvinvoinninpolku\/wp-json\/wp\/v2\/posts\/508","targetHints":{"allow":["GET"]}}],"collection":[{"href":"https:\/\/me.yrittajat.fi\/hyvinvoinninpolku\/wp-json\/wp\/v2\/posts"}],"about":[{"href":"https:\/\/me.yrittajat.fi\/hyvinvoinninpolku\/wp-json\/wp\/v2\/types\/post"}],"author":[{"embeddable":true,"href":"https:\/\/me.yrittajat.fi\/hyvinvoinninpolku\/wp-json\/wp\/v2\/users\/49"}],"replies":[{"embeddable":true,"href":"https:\/\/me.yrittajat.fi\/hyvinvoinninpolku\/wp-json\/wp\/v2\/comments?post=508"}],"version-history":[{"count":3,"href":"https:\/\/me.yrittajat.fi\/hyvinvoinninpolku\/wp-json\/wp\/v2\/posts\/508\/revisions"}],"predecessor-version":[{"id":514,"href":"https:\/\/me.yrittajat.fi\/hyvinvoinninpolku\/wp-json\/wp\/v2\/posts\/508\/revisions\/514"}],"wp:attachment":[{"href":"https:\/\/me.yrittajat.fi\/hyvinvoinninpolku\/wp-json\/wp\/v2\/media?parent=508"}],"wp:term":[{"taxonomy":"category","embeddable":true,"href":"https:\/\/me.yrittajat.fi\/hyvinvoinninpolku\/wp-json\/wp\/v2\/categories?post=508"},{"taxonomy":"post_tag","embeddable":true,"href":"https:\/\/me.yrittajat.fi\/hyvinvoinninpolku\/wp-json\/wp\/v2\/tags?post=508"}],"curies":[{"name":"wp","href":"https:\/\/api.w.org\/{rel}","templated":true}]}}